[{"@context":"https:\/\/schema.org\/","@type":"Article","@id":"https:\/\/www.vigan.cz\/zvolte-si-ty-prave-vypinace-nejen-krasne-ale-i-kvalitni\/#Article","mainEntityOfPage":"https:\/\/www.vigan.cz\/zvolte-si-ty-prave-vypinace-nejen-krasne-ale-i-kvalitni\/","headline":"Zvolte si ty prav\u00e9 vyp\u00edna\u010de \u2013 nejen kr\u00e1sn\u00e9, ale i kvalitn\u00ed","name":"Zvolte si ty prav\u00e9 vyp\u00edna\u010de \u2013 nejen kr\u00e1sn\u00e9, ale i kvalitn\u00ed","description":"Pokud rekonstruujete svou dom\u00e1cnost anebo si rovnou stav\u00edte nov\u00fd domov, tak nev\u00e1hejte a vyberte si takov\u00e9 za\u0159\u00edzen\u00ed bytu, kter\u00e9 n\u011bco vydr\u017e\u00ed a je opravdu kvalitn\u00ed \u2013 a tak\u00e9 je samoz\u0159ejm\u011b<p><a href=\"https:\/\/www.vigan.cz\/zvolte-si-ty-prave-vypinace-nejen-krasne-ale-i-kvalitni\/\" class=\"more-link\">P\u0159e\u010d\u00edst \u010dl\u00e1nek<span class=\"screen-reader-text\">Zvolte si ty prav\u00e9 vyp\u00edna\u010de \u2013 nejen kr\u00e1sn\u00e9, ale i kvalitn\u00ed<\/span><\/a><\/p>","datePublished":"2019-03-25","dateModified":"2023-09-13","author":{"@type":"Person","@id":"https:\/\/www.vigan.cz\/author\/#Person","name":"","url":"https:\/\/www.vigan.cz\/author\/","identifier":1,"image":{"@type":"ImageObject","@id":"https:\/\/secure.gravatar.com\/avatar\/093836c6bc976bea6a4c3cd39f9136c261430c33201aa865249fef2be34e3fdb?s=96&d=mm&r=g","url":"https:\/\/secure.gravatar.com\/avatar\/093836c6bc976bea6a4c3cd39f9136c261430c33201aa865249fef2be34e3fdb?s=96&d=mm&r=g","height":96,"width":96}},"publisher":{"@type":"Organization","name":"vigan.cz","logo":{"@type":"ImageObject","@id":"\/logo.png","url":"\/logo.png","width":600,"height":60}},"image":{"@type":"ImageObject","@id":"https:\/\/www.vigan.cz\/wp-content\/uploads\/img_a343904_w1743_t1557379910.png","url":"https:\/\/www.vigan.cz\/wp-content\/uploads\/img_a343904_w1743_t1557379910.png","height":0,"width":0},"url":"https:\/\/www.vigan.cz\/zvolte-si-ty-prave-vypinace-nejen-krasne-ale-i-kvalitni\/","about":["Spole\u010dnost"],"wordCount":439,"articleBody":" Pokud rekonstruujete svou dom\u00e1cnost anebo si rovnou stav\u00edte nov\u00fd domov, tak nev\u00e1hejte a vyberte si takov\u00e9 za\u0159\u00edzen\u00ed bytu, kter\u00e9 n\u011bco vydr\u017e\u00ed a je opravdu kvalitn\u00ed \u2013 a tak\u00e9 je samoz\u0159ejm\u011b kr\u00e1sn\u00e9 na pohled. Pro\u010d? Proto\u017ee jen v takto za\u0159\u00edzen\u00e9 dom\u00e1cnosti se v\u00e1m bude dob\u0159e \u017e\u00edt.  M\u00edt dom\u00e1cnost za\u0159\u00edzenou kvalitn\u00edmi v\u011bcmi je z\u00e1klad. U\u0161et\u0159\u00ed v\u00e1m to mnoho \u010dasu na jejich oprav\u00e1ch a \u0159e\u0161en\u00ed p\u0159\u00edpadn\u00fdch poruch, i mnoho pen\u011bz p\u0159i nakupov\u00e1n\u00ed n\u00e1hrad za poka\u017een\u00e9 v\u011bci. Takov\u00e1 dom\u00e1cnost v\u00e1m bude dob\u0159e slou\u017eit, vy se na ni budete moci ve v\u0161ech ohledech spolehnout, a proto se v n\u00ed budete c\u00edtit dob\u0159e. Ov\u0161em k tomu, abyste se na vybran\u00e9m prostoru mohli c\u00edtit skute\u010dn\u011b jako doma, je d\u016fle\u017eit\u00e9 je\u0161t\u011b n\u011bco \u2013 mus\u00ed se v\u00e1m tam v prvn\u00ed \u0159ad\u011b l\u00edbit. Ka\u017ed\u00fd \u010dlov\u011bk m\u00e1 jin\u00fd vkus, ov\u0161em a\u0165 u\u017e se mu l\u00edb\u00ed cokoli, tak je pot\u0159eba, aby mohl tyto n\u00e1roky ve sv\u00e9 dom\u00e1cnosti uplatnit. A to, jak to u v\u00e1s doma bude nakonec vypadat, z\u00e1le\u017e\u00ed na mnoha faktorech. Z\u00e1le\u017e\u00ed to na tom, jak\u00e1 bude barevnost a celkov\u00fd styl velk\u00fdch ploch ve va\u0161em interi\u00e9ru. Z\u00e1le\u017e\u00ed to na tom, jak moc osobit\u00fd v\u00e1\u0161 interi\u00e9r bude. A tak\u00e9 jde o to, jak si dok\u00e1\u017eete pohr\u00e1t s detaily. Pokud jde o detaily, tak byste v \u017e\u00e1dn\u00e9m p\u0159\u00edpad\u011b nem\u011bli zapomenout ani na z\u00e1suvky a vyp\u00edna\u010de. Ty dok\u00e1\u017eou jinak celkov\u00fd dobr\u00fd dojem z interi\u00e9ru rychle a snadno pokazit. V\u017edy\u0165 komu z n\u00e1s by se l\u00edbila z\u00e1\u0159iv\u011b b\u00edl\u00e1 z\u00e1suvka na v\u00fdrazn\u011b barevn\u00e9 zdi?  Pr\u00e1v\u011b pokud jde o z\u00e1suvky a vyp\u00edna\u010de, tak si d\u0159\u00edve lid\u00e9 nemohli p\u0159\u00edli\u0161 vyb\u00edrat. Ov\u0161em nyn\u00ed je to jin\u00e9, snaz\u0161\u00ed. Dnes se u\u017e na\u0161t\u011bst\u00ed i na tomto poli objevili pr\u016fkopn\u00edci nejen kvalitn\u00edch a pln\u011b funk\u010dn\u00edch, ale tak\u00e9 designov\u00fdch z\u00e1suvek a vyp\u00edna\u010d\u016f. Pokud jde o z\u00e1suvky a vyp\u00edna\u010de unica, tak m\u016f\u017eete volit z mnoha kr\u00e1sn\u00fdch barev p\u0159esn\u011b takov\u00e9, jak\u00e9 k v\u00e1m dom\u016f nejl\u00e9pe padnou. Sta\u010d\u00ed si k univerz\u00e1ln\u00edmu strojku vybrat ten prav\u00fd, barevn\u00fd r\u00e1me\u010dek, kter\u00fd m\u016f\u017eete je\u0161t\u011b ke v\u0161emu v p\u0159\u00edpad\u011b pot\u0159eby v budoucnosti snadno vym\u011bnit za jin\u00fd.                                                                                                                                                                                                                                                                                                                                                                                                 "},{"@context":"https:\/\/schema.org\/","@type":"BreadcrumbList","itemListElement":[{"@type":"ListItem","position":1,"name":"Zvolte si ty prav\u00e9 vyp\u00edna\u010de \u2013 nejen kr\u00e1sn\u00e9, ale i kvalitn\u00ed","item":"https:\/\/www.vigan.cz\/zvolte-si-ty-prave-vypinace-nejen-krasne-ale-i-kvalitni\/#breadcrumbitem"}]}]