[{"@context":"https:\/\/schema.org\/","@type":"Article","@id":"https:\/\/www.vigan.cz\/zalette-si-na-vikend-do-parize\/#Article","mainEntityOfPage":"https:\/\/www.vigan.cz\/zalette-si-na-vikend-do-parize\/","headline":"Zale\u0165te si na v\u00edkend do Pa\u0159\u00ed\u017ee","name":"Zale\u0165te si na v\u00edkend do Pa\u0159\u00ed\u017ee","description":"Do Pa\u0159\u00ed\u017ee se l\u00e9t\u00e1 p\u0159\u00edm\u00fdm letem z Prahy. Vyu\u017eijte v\u00fdhodn\u00e9 levn\u00e9 letenky pa\u0159\u00ed\u017e. Let trv\u00e1 pouh\u00fdch 1,5 hodiny, tak\u017ee nebudete ztr\u00e1cet \u010das dopravou. V Pa\u0159\u00ed\u017ei je n\u011bkolik leti\u0161\u0165. Leti\u0161t\u011b Charlese<p><a href=\"https:\/\/www.vigan.cz\/zalette-si-na-vikend-do-parize\/\" class=\"more-link\">P\u0159e\u010d\u00edst \u010dl\u00e1nek<span class=\"screen-reader-text\">Zale\u0165te si na v\u00edkend do Pa\u0159\u00ed\u017ee<\/span><\/a><\/p>","datePublished":"2020-07-12","dateModified":"2023-09-18","author":{"@type":"Person","@id":"https:\/\/www.vigan.cz\/author\/#Person","name":"","url":"https:\/\/www.vigan.cz\/author\/","identifier":1,"image":{"@type":"ImageObject","@id":"https:\/\/secure.gravatar.com\/avatar\/093836c6bc976bea6a4c3cd39f9136c261430c33201aa865249fef2be34e3fdb?s=96&d=mm&r=g","url":"https:\/\/secure.gravatar.com\/avatar\/093836c6bc976bea6a4c3cd39f9136c261430c33201aa865249fef2be34e3fdb?s=96&d=mm&r=g","height":96,"width":96}},"publisher":{"@type":"Organization","name":"vigan.cz","logo":{"@type":"ImageObject","@id":"\/logo.png","url":"\/logo.png","width":600,"height":60}},"image":{"@type":"ImageObject","@id":"https:\/\/www.vigan.cz\/wp-content\/uploads\/Pa%C5%99%C3%AD%C5%BE.jpg","url":"https:\/\/www.vigan.cz\/wp-content\/uploads\/Pa%C5%99%C3%AD%C5%BE.jpg","height":0,"width":0},"url":"https:\/\/www.vigan.cz\/zalette-si-na-vikend-do-parize\/","about":["Slu\u017eby"],"wordCount":403,"articleBody":" Do Pa\u0159\u00ed\u017ee se l\u00e9t\u00e1 p\u0159\u00edm\u00fdm letem z Prahy. Vyu\u017eijte v\u00fdhodn\u00e9 levn\u00e9 letenky pa\u0159\u00ed\u017e. Let trv\u00e1 pouh\u00fdch 1,5 hodiny, tak\u017ee nebudete ztr\u00e1cet \u010das dopravou. V Pa\u0159\u00ed\u017ei je n\u011bkolik leti\u0161\u0165.Leti\u0161t\u011b Charlese de GaullaToto je nejzn\u00e1m\u011bj\u0161\u00ed leti\u0161t\u011b v Pa\u0159\u00ed\u017ei a \u010dasto se pro n\u011bj pou\u017e\u00edv\u00e1 zkratka CDG. Obl\u00edben\u00e9 leti\u0161t\u011b se nach\u00e1z\u00ed asi 25 km od centra m\u011bsta. Doprav\u00edte se jednodu\u0161e n\u011bkter\u00fdm z autobus\u016f, vlakem nebo tax\u00edkem.Leti\u0161t\u011b OrlyLeti\u0161t\u011b najdete 14 km ji\u017en\u011b od centra Pa\u0159\u00ed\u017ee. Do centra se d\u00e1 dostat p\u0159\u00edmo leti\u0161tn\u00edm autobusem nebo m\u011bstsk\u00fdm. Ten je levn\u011bj\u0161\u00ed. Leti\u0161t\u011b se tak\u00e9 ozna\u010duje zkratkou ORY.Leti\u0161t\u011b Beauvais Je u\u017e trochu vzd\u00e1len\u011bj\u0161\u00ed, cesta do Pa\u0159\u00ed\u017ee je dlouh\u00e1 85 km. Pou\u017e\u00edvaj\u00ed ho n\u00edzkon\u00e1kladov\u00e9 lety. Do m\u011bsta jezd\u00ed autobus a cesta trv\u00e1 n\u011bco p\u0159es hodinu.Kam se v Pa\u0159\u00ed\u017ei pod\u00edv\u00e1te a nic to nebude st\u00e1tM\u00e1lokdo v\u00ed, \u017ee m\u011bsto Pa\u0159\u00ed\u017e podporuje cestovn\u00ed ruch zaj\u00edmavou formou a d\u00e1v\u00e1 mo\u017enost n\u00e1v\u0161t\u011bvn\u00edk\u016fm do 26 let ze zem\u00ed EU v\u011bt\u0161inu pam\u00e1tek ve m\u011bst\u011b nav\u0161t\u00edvit bez placen\u00ed vstupn\u00e9ho. U vstupu sta\u010d\u00ed p\u0159edlo\u017eit n\u011bjak\u00fd doklad k identifikaci. A jedn\u00e1 se i o slavn\u00e9 pam\u00e1tky jako je Louvre nebo Picassovo muzeum. Pro ostatn\u00ed turisty lze z\u0159\u00eddit kartu Museum Pass, kter\u00e1 nab\u00edz\u00ed 60 voln\u00fdch vstup\u016f do pa\u0159\u00ed\u017esk\u00fdch pam\u011btihodnost\u00ed.Bazilika Sacr\u00e9 Coeur je sv\u011btozn\u00e1m\u00e1 stavba nach\u00e1zej\u00edc\u00ed se na vrcholu Montmarte a jej\u00ed interi\u00e9r si zaslou\u017e\u00ed obdiv.Pokud se nechcete ma\u010dkat ve front\u011b na Eiffelovku, ale m\u00e1te r\u00e1di pohled z pta\u010d\u00ed perspektivy, zajd\u011bte si do obchodn\u00edho domu Printemps, vyje\u010fte si do posledn\u00edho patra, kde se nach\u00e1z\u00ed p\u0159\u00edjemn\u00e1 kav\u00e1rna s \u00fa\u017easn\u00fdm v\u00fdhledem na m\u011bsto. Na st\u0159e\u0161e jsou lavi\u010dky i dalekohledy.V\u00fdlet do Pa\u0159\u00ed\u017ee bez n\u00e1v\u0161t\u011bvy Louvru je nemysliteln\u00fd. Kr\u00e1sou o\u010daruj\u00ed u\u017e venkovn\u00ed stavby Palais du Louvre. Muzeum se \u0159ad\u00ed do kategorie nejv\u011bt\u0161\u00edch muze\u00ed sv\u011bta, m\u00e1 7 odd\u011blen\u00ed a u\u017e u vchodu budete \u017easnout nad sklen\u011bnou pyramidou, kterou proslavil film \u0160ifra mistra Leonarda.                                                                                                                                                                                                                                                                                                                                                                                                 "},{"@context":"https:\/\/schema.org\/","@type":"BreadcrumbList","itemListElement":[{"@type":"ListItem","position":1,"name":"Zale\u0165te si na v\u00edkend do Pa\u0159\u00ed\u017ee","item":"https:\/\/www.vigan.cz\/zalette-si-na-vikend-do-parize\/#breadcrumbitem"}]}]