[{"@context":"https:\/\/schema.org\/","@type":"Article","@id":"https:\/\/www.vigan.cz\/velkoobchod-wolf-nabizi-originalni-modu-pro-muze-i-zeny\/#Article","mainEntityOfPage":"https:\/\/www.vigan.cz\/velkoobchod-wolf-nabizi-originalni-modu-pro-muze-i-zeny\/","headline":"Velkoobchod wolf nab\u00edz\u00ed origin\u00e1ln\u00ed m\u00f3du pro mu\u017ee i \u017eeny","name":"Velkoobchod wolf nab\u00edz\u00ed origin\u00e1ln\u00ed m\u00f3du pro mu\u017ee i \u017eeny","description":"Nerada nos\u00edte tuctov\u00e9 oble\u010den\u00ed, na kter\u00e9 \u010dlov\u011bk naraz\u00ed skoro v ka\u017ed\u00e9 kamenn\u00e9 prodejn\u011b. Chcete experimentovat a kombinovat r\u016fzn\u00e9 styly. Zat\u00edm se V\u00e1m to celkem slu\u0161n\u011b da\u0159\u00ed hlavn\u011b d\u00edky nakupov\u00e1n\u00ed na<p><a href=\"https:\/\/www.vigan.cz\/velkoobchod-wolf-nabizi-originalni-modu-pro-muze-i-zeny\/\" class=\"more-link\">P\u0159e\u010d\u00edst \u010dl\u00e1nek<span class=\"screen-reader-text\">Velkoobchod wolf nab\u00edz\u00ed origin\u00e1ln\u00ed m\u00f3du pro mu\u017ee i \u017eeny<\/span><\/a><\/p>","datePublished":"2024-10-25","dateModified":"2024-10-25","author":{"@type":"Person","@id":"https:\/\/www.vigan.cz\/author\/#Person","name":"","url":"https:\/\/www.vigan.cz\/author\/","identifier":1,"image":{"@type":"ImageObject","@id":"https:\/\/secure.gravatar.com\/avatar\/093836c6bc976bea6a4c3cd39f9136c261430c33201aa865249fef2be34e3fdb?s=96&d=mm&r=g","url":"https:\/\/secure.gravatar.com\/avatar\/093836c6bc976bea6a4c3cd39f9136c261430c33201aa865249fef2be34e3fdb?s=96&d=mm&r=g","height":96,"width":96}},"publisher":{"@type":"Organization","name":"vigan.cz","logo":{"@type":"ImageObject","@id":"\/logo.png","url":"\/logo.png","width":600,"height":60}},"url":"https:\/\/www.vigan.cz\/velkoobchod-wolf-nabizi-originalni-modu-pro-muze-i-zeny\/","wordCount":209,"articleBody":"Nerada nos\u00edte tuctov\u00e9 oble\u010den\u00ed, na kter\u00e9 \u010dlov\u011bk naraz\u00ed skoro v ka\u017ed\u00e9 kamenn\u00e9 prodejn\u011b. Chcete experimentovat a kombinovat r\u016fzn\u00e9 styly. Zat\u00edm se V\u00e1m to celkem slu\u0161n\u011b da\u0159\u00ed hlavn\u011b d\u00edky nakupov\u00e1n\u00ed na internetu. Tady \u010dlov\u011bk naraz\u00ed na kousky, kter\u00e9 nikdo jin\u00fd nem\u00e1. Nikde jinde u\u017e ani nenakupujete. Pro\u010d se trm\u00e1cet z jedn\u00e9 prodejny do druh\u00e9, kdy\u017e v\u0161echny luxusn\u00ed had\u0159\u00edky dnes m\u016f\u017eete nakoupit p\u011bkn\u011b z pohodl\u00ed domova.\tZaj\u00edmav\u00e1 mikina s kapuc\u00ed bude ozdobou Va\u0161eho \u0161atn\u00edkuChcete V\u00e1\u0161 \u0161atn\u00edk doplnit o sportovn\u00ed oble\u010den\u00ed. Do pr\u00e1ce mus\u00edte nosit elegantn\u00ed od\u011bv. Doma si chcete ud\u011blat pohodl\u00ed a moc r\u00e1da se vzd\u00e1te upnut\u00fdch halenek a kalhotov\u00e9ho kost\u00fdmku. Na internetu V\u00e1s zaujala origin\u00e1ln\u00ed mikina s kapuc\u00ed, kter\u00e1 by V\u00e1m zaru\u010den\u011b n\u00e1ramn\u011b slu\u0161ela. Velkoobchod wolf m\u00e1 v nab\u00eddce doopravdy nad\u010dasov\u00e9 kousky, ve kter\u00fdch budete dnes i za p\u00e1r let nep\u0159ehl\u00e9dnuteln\u00e1. Mo\u017en\u00e1 si k nov\u00e9 mikin\u011b po\u0159\u00edd\u00edte i pohodln\u00e9 tepl\u00e1ky. Budete m\u00edt p\u0159ekr\u00e1snou tepl\u00e1kovou soupravu, kterou V\u00e1m budou zaru\u010den\u011b v\u0161echny dlouholet\u00e9 kamar\u00e1dky z\u00e1vid\u011bt.                                                                                                                                                                                                                                                                                                                                                                                                "},{"@context":"https:\/\/schema.org\/","@type":"BreadcrumbList","itemListElement":[{"@type":"ListItem","position":1,"name":"Velkoobchod wolf nab\u00edz\u00ed origin\u00e1ln\u00ed m\u00f3du pro mu\u017ee i \u017eeny","item":"https:\/\/www.vigan.cz\/velkoobchod-wolf-nabizi-originalni-modu-pro-muze-i-zeny\/#breadcrumbitem"}]}]