[{"@context":"https:\/\/schema.org\/","@type":"Article","@id":"https:\/\/www.vigan.cz\/usporne-svetelne-zdroje-dobyly-svet\/#Article","mainEntityOfPage":"https:\/\/www.vigan.cz\/usporne-svetelne-zdroje-dobyly-svet\/","headline":"\u00dasporn\u00e9 sv\u011bteln\u00e9 zdroje dobyly sv\u011bt","name":"\u00dasporn\u00e9 sv\u011bteln\u00e9 zdroje dobyly sv\u011bt","description":"P\u0159esto\u017ee na za\u010d\u00e1tku mnoz\u00ed nad\u00e1vali, a mo\u017en\u00e1 to dokonce byla v\u011bt\u0161ina lid\u00ed, tak u\u017e jsme si na n\u011b tak n\u011bjak zvykli. Zkr\u00e1tka n\u00e1m nezbylo nic jin\u00e9ho ne\u017e d\u00e1t vyn\u00e1lezu pana<p><a href=\"https:\/\/www.vigan.cz\/usporne-svetelne-zdroje-dobyly-svet\/\" class=\"more-link\">P\u0159e\u010d\u00edst \u010dl\u00e1nek<span class=\"screen-reader-text\">\u00dasporn\u00e9 sv\u011bteln\u00e9 zdroje dobyly sv\u011bt<\/span><\/a><\/p>","datePublished":"2023-08-18","dateModified":"2023-08-18","author":{"@type":"Person","@id":"https:\/\/www.vigan.cz\/author\/#Person","name":"","url":"https:\/\/www.vigan.cz\/author\/","identifier":1,"image":{"@type":"ImageObject","@id":"https:\/\/secure.gravatar.com\/avatar\/093836c6bc976bea6a4c3cd39f9136c261430c33201aa865249fef2be34e3fdb?s=96&d=mm&r=g","url":"https:\/\/secure.gravatar.com\/avatar\/093836c6bc976bea6a4c3cd39f9136c261430c33201aa865249fef2be34e3fdb?s=96&d=mm&r=g","height":96,"width":96}},"publisher":{"@type":"Organization","name":"vigan.cz","logo":{"@type":"ImageObject","@id":"\/logo.png","url":"\/logo.png","width":600,"height":60}},"url":"https:\/\/www.vigan.cz\/usporne-svetelne-zdroje-dobyly-svet\/","about":["Ekonomika"],"wordCount":419,"articleBody":"       P\u0159esto\u017ee na za\u010d\u00e1tku mnoz\u00ed nad\u00e1vali, a mo\u017en\u00e1 to dokonce byla v\u011bt\u0161ina lid\u00ed, tak u\u017e jsme si na n\u011b tak n\u011bjak zvykli. Zkr\u00e1tka n\u00e1m nezbylo nic jin\u00e9ho ne\u017e d\u00e1t vyn\u00e1lezu pana Edisona sbohem a obl\u00edbit si novinku na trhu, kterou sv\u00e9ho \u010dasu p\u0159edstavovaly \u00fasporn\u00e9 sv\u011bteln\u00e9 zdroje. A nebudeme si nalh\u00e1vat, \u017ee za nen\u00e1vist\u00ed, kter\u00e1 se proti nim zprvu zvedla st\u00e1l jejich plo\u0161n\u00fd z\u00e1kaz. To je toti\u017e n\u011bco, na co jsou \u010ce\u0161i velice citliv\u00ed. Jakmile jim chce n\u011bkdo n\u011bco zakazovat anebo p\u0159ikazovat, nedej bo\u017ee dokonce cizinci z Bruselu, tak je z toho v\u017edy pomalu n\u00e1rodn\u00ed katastrofa, kterou je\u0161t\u011b umn\u011b \u017eiv\u00ed n\u011bkte\u0159\u00ed na\u0161i populisti\u010dt\u00ed politici. Nicm\u00e9n\u011b s odstupem \u010dasu se jasn\u011b prok\u00e1zalo, \u017ee takov\u00e9 \u00fasporn\u00e9 sv\u011bteln\u00e9 zdroje maj\u00ed sv\u00e9 nesporn\u00e9 kouzlo, a nyn\u00ed u\u017e bychom je zp\u011bt nem\u011bnili. Jejich hlavn\u00ed a z\u00e1kladn\u00ed p\u0159ednost\u00ed je p\u0159edev\u0161\u00edm to, \u017ee sv\u00edt\u00ed, ale netop\u00ed, jak to b\u00fdvalo d\u0159\u00edve zvykem. Zkr\u00e1tka kdy\u017e se p\u0159i pr\u00e1ci dotknete jejich ba\u0148ky, tak si prsty nesp\u00e1l\u00edte, a to je dob\u0159e, nebo\u0165 na topen\u00ed zde m\u00e1me jin\u00e1, efektivn\u011bj\u0161\u00ed za\u0159\u00edzen\u00ed. No a pak si vezm\u011bte tu v\u00fddr\u017e! P\u0159i stejn\u00e9m v\u00fdkonu maj\u00ed mnohem men\u0161\u00ed p\u0159\u00edkon, a to z\u00e1sadn\u011b, co\u017e znamen\u00e1, \u017ee m\u016f\u017eete s jedn\u00edm takov\u00fdm zdrojem sv\u00edtit o sto \u0161est a bude v\u00e1s to st\u00e1t minimum pen\u011bz vydan\u00fdch za spot\u0159ebovanou energii, alespo\u0148 ve srovn\u00e1n\u00ed s t\u00edm, na co jsme b\u00fdvali zvykl\u00ed. A jejich \u017eivotnost, to je n\u011bco fascinuj\u00edc\u00edho! M\u016f\u017eete je vyu\u017e\u00edvat i v\u00edce ne\u017e deset let, ne\u017e se je budete muset vym\u011bnit za jin\u00e9. Tak\u017ee v t\u011bchto m\u011b\u0159\u00edtc\u00edch nab\u00fdv\u00e1 jejich zd\u00e1nliv\u011b vy\u0161\u0161\u00ed cena \u00fapln\u011b jin\u00fdch hodnot. Pokud toti\u017e investujete do led \u017e\u00e1rovky Praha t\u0159eba dv\u011b st\u011b korun a za to ji budete den co den vyu\u017e\u00edvat po deset let, tak pak v\u00e1m vyjde cena na den, na kterou u jin\u00fdch v\u00fdrobk\u016f nenaraz\u00edte. Zkr\u00e1tka a dob\u0159e, doba jde m\u00edlov\u00fdmi kroky kup\u0159edu a jak je vidno, i v dne\u0161n\u00ed dob\u011b m\u016f\u017ee b\u00fdt tr\u00e1va zelen\u011bj\u0161\u00ed a nebe jasn\u011bj\u0161\u00ed a ne naopak.                                                                                                                                                                                                                                                                                                                                                                                                   "},{"@context":"https:\/\/schema.org\/","@type":"BreadcrumbList","itemListElement":[{"@type":"ListItem","position":1,"name":"\u00dasporn\u00e9 sv\u011bteln\u00e9 zdroje dobyly sv\u011bt","item":"https:\/\/www.vigan.cz\/usporne-svetelne-zdroje-dobyly-svet\/#breadcrumbitem"}]}]