[{"@context":"https:\/\/schema.org\/","@type":"Article","@id":"https:\/\/www.vigan.cz\/nechte-se-okouzlit-malagou\/#Article","mainEntityOfPage":"https:\/\/www.vigan.cz\/nechte-se-okouzlit-malagou\/","headline":"Nechte se okouzlit Malagou","name":"Nechte se okouzlit Malagou","description":"V&Atilde;&shy;te, kter&Atilde;&iexcl; zem&Auml;&#8250; z temperamentn&Atilde;&shy;ch zem&Atilde;&shy; pat&Aring;&#8482;&Atilde;&shy; k t&Auml;&#8250;m v&Aring;&macr;bec nejnav&Aring;&iexcl;t&Auml;&#8250;vovan&Auml;&#8250;j&Aring;&iexcl;&Atilde;&shy;m? Ano, jedn&Atilde;&iexcl; se pr&Atilde;&iexcl;v&Auml;&#8250; o &Aring;&nbsp;pan&Auml;&#8250;lsko, kter&Atilde;&copy; se m&Aring;&macr;&Aring;&frac34;e py&Aring;&iexcl;nit n&Atilde;&iexcl;dhernou p&Aring;&#8482;&Atilde;&shy;rodou, chutn&Atilde;&frac12;m j&Atilde;&shy;dlem, dechberouc&Atilde;&shy;mi pam&Atilde;&iexcl;tkami, &Atilde;&ordm;chvatn&Atilde;&frac12;mi m&Auml;&#8250;sty, &Aring;&frac34;iv&Atilde;&frac12;m<p><a href=\"https:\/\/www.vigan.cz\/nechte-se-okouzlit-malagou\/\" class=\"more-link\">P\u0159e\u010d\u00edst \u010dl\u00e1nek<span class=\"screen-reader-text\">Nechte se okouzlit Malagou<\/span><\/a><\/p>","datePublished":"2020-11-22","dateModified":"2024-02-19","author":{"@type":"Person","@id":"https:\/\/www.vigan.cz\/author\/#Person","name":"","url":"https:\/\/www.vigan.cz\/author\/","identifier":1,"image":{"@type":"ImageObject","@id":"https:\/\/secure.gravatar.com\/avatar\/093836c6bc976bea6a4c3cd39f9136c261430c33201aa865249fef2be34e3fdb?s=96&d=mm&r=g","url":"https:\/\/secure.gravatar.com\/avatar\/093836c6bc976bea6a4c3cd39f9136c261430c33201aa865249fef2be34e3fdb?s=96&d=mm&r=g","height":96,"width":96}},"publisher":{"@type":"Organization","name":"vigan.cz","logo":{"@type":"ImageObject","@id":"\/logo.png","url":"\/logo.png","width":600,"height":60}},"image":{"@type":"ImageObject","@id":"https:\/\/www.vigan.cz\/wp-content\/uploads\/Malaga%20v%20noci.jpg","url":"https:\/\/www.vigan.cz\/wp-content\/uploads\/Malaga%20v%20noci.jpg","height":0,"width":0},"url":"https:\/\/www.vigan.cz\/nechte-se-okouzlit-malagou\/","about":["Spole\u010dnost"],"wordCount":1154,"articleBody":"  V&Atilde;&shy;te, kter&Atilde;&iexcl; zem&Auml;&#8250; z temperamentn&Atilde;&shy;ch zem&Atilde;&shy; pat&Aring;&#8482;&Atilde;&shy; k t&Auml;&#8250;m v&Aring;&macr;bec nejnav&Aring;&iexcl;t&Auml;&#8250;vovan&Auml;&#8250;j&Aring;&iexcl;&Atilde;&shy;m? Ano, jedn&Atilde;&iexcl; se pr&Atilde;&iexcl;v&Auml;&#8250; o &Aring;&nbsp;pan&Auml;&#8250;lsko, kter&Atilde;&copy; se m&Aring;&macr;&Aring;&frac34;e py&Aring;&iexcl;nit n&Atilde;&iexcl;dhernou p&Aring;&#8482;&Atilde;&shy;rodou, chutn&Atilde;&frac12;m j&Atilde;&shy;dlem, dechberouc&Atilde;&shy;mi pam&Atilde;&iexcl;tkami, &Atilde;&ordm;chvatn&Atilde;&frac12;mi m&Auml;&#8250;sty, &Aring;&frac34;iv&Atilde;&frac12;m a p&Aring;&#8482;&Atilde;&iexcl;telsk&Atilde;&frac12;m obyvatelstvem a nespo&Auml;tem turisticky l&Atilde;&iexcl;kav&Atilde;&frac12;ch m&Atilde;&shy;st. Nej&Auml;ast&Auml;&#8250;ji cesty turist&Aring;&macr; m&Atilde;&shy;&Aring;&#8482;&Atilde;&shy; do vyhled&Atilde;&iexcl;van&Atilde;&frac12;ch metropol&Atilde;&shy;, kter&Atilde;&frac12;mi jsou p&Aring;&#8482;edev&Aring;&iexcl;&Atilde;&shy;m okouzluj&Atilde;&shy;c&Atilde;&shy; Barcelona a jej&Atilde;&shy; dominanta chr&Atilde;&iexcl;m Sagra da Familia, hlavn&Atilde;&shy; m&Auml;&#8250;sto Madrid anebo slunn&Atilde;&iexcl; Ibiza a Mallorca. Velk&Atilde;&iexcl; &Aring;&iexcl;koda tak je, &Aring;&frac34;e se velice &Auml;asto zapom&Atilde;&shy;n&Atilde;&iexcl; na &Aring;&iexcl;est&Atilde;&copy; nejv&Auml;&#8250;t&Aring;&iexcl;&Atilde;&shy; m&Auml;&#8250;sto &Aring;&nbsp;pan&Auml;&#8250;lska, kter&Atilde;&frac12;m je Malaga. Tak hur&Atilde;&iexcl; na n&Atilde;&iexcl;kup letenek levn&Auml;&#8250; ! Toto kouzeln&Atilde;&copy; m&Auml;&#8250;sto nalezneme na sam&Atilde;&copy;m jihu &Aring;&nbsp;pan&Auml;&#8250;lska a om&Atilde;&frac12;vaj&Atilde;&shy; jej vody St&Aring;&#8482;edozemn&Atilde;&shy;ho mo&Aring;&#8482;e. Slune&Auml;n&Atilde;&frac12;m toto m&Auml;&#8250;sto m&Aring;&macr;&Aring;&frac34;eme naz&Atilde;&frac12;vat nejen z d&Aring;&macr;vodu, &Aring;&frac34;e zde ani v zimn&Atilde;&shy;ch m&Auml;&#8250;s&Atilde;&shy;c&Atilde;&shy;ch z pravidla teplota nekles&Atilde;&iexcl; pod patn&Atilde;&iexcl;ct stup&Aring;&#710;&Aring;&macr; Celsia, ale tak&Atilde;&copy; proto, &Aring;&frac34;e le&Aring;&frac34;&Atilde;&shy; na pob&Aring;&#8482;e&Aring;&frac34;&Atilde;&shy; Costa del Sol, co&Aring;&frac34; v p&Aring;&#8482;ekladu do &Auml;e&Aring;&iexcl;tiny znamen&Atilde;&iexcl; slunn&Atilde;&copy; pob&Aring;&#8482;e&Aring;&frac34;&Atilde;&shy;. Malaga se nav&Atilde;&shy;c py&Aring;&iexcl;n&Atilde;&shy; hned n&Auml;&#8250;kolika nej. Za prv&Atilde;&copy; se jedn&Atilde;&iexcl; o v&Aring;&macr;bec nejteplej&Aring;&iexcl;&Atilde;&shy; m&Atilde;&shy;sto cel&Atilde;&copy;ho &Aring;&nbsp;pan&Auml;&#8250;lska, za druh&Atilde;&copy; se &Aring;&#8482;ad&Atilde;&shy; mezi nejstar&Aring;&iexcl;&Atilde;&shy; m&Auml;&#8250;sta na cel&Atilde;&copy;m sv&Auml;&#8250;t&Auml;&#8250;, a je&Aring;&iexcl;t&Auml;&#8250; ke v&Aring;&iexcl;emu jej m&Aring;&macr;&Aring;&frac34;eme ozna&Auml;it za m&Auml;&#8250;sto kultury.  Malaga je zn&Atilde;&iexcl;m&Atilde;&iexcl; tak&Atilde;&copy; d&Atilde;&shy;ky v&Atilde;&shy;nu, kter&Atilde;&copy; zde vzniklo, a je&Aring;&frac34; nese stejn&Atilde;&frac12; n&Atilde;&iexcl;zev. Toto v&Atilde;&shy;no se py&Aring;&iexcl;n&Atilde;&shy; nejstar&Aring;&iexcl;&Atilde;&shy; tradic&Atilde;&shy; v t&Atilde;&copy;to zemi, je sp&Atilde;&shy;&Aring;&iexcl;e sladk&Atilde;&copy; a vyr&Atilde;&iexcl;b&Atilde;&shy; se z prvot&Aring;&#8482;&Atilde;&shy;dn&Atilde;&shy;ho mo&Aring;&iexcl;tu, kter&Atilde;&frac12; lze z&Atilde;&shy;skat jen prvotn&Atilde;&shy;m lisov&Atilde;&iexcl;n&Atilde;&shy;m hrozn&Aring;&macr; vinn&Atilde;&copy; r&Atilde;&copy;vy. U gastronomie je&Aring;&iexcl;t&Auml;&#8250; chv&Atilde;&shy;li z&Aring;&macr;sta&Aring;&#710;me, proto&Aring;&frac34;e Malaga je rovn&Auml;&#8250;&Aring;&frac34; proslul&Atilde;&iexcl; nekone&Auml;nou nab&Atilde;&shy;dkou sma&Aring;&frac34;en&Atilde;&frac12;ch ryb a ryb&Atilde;&shy;ch specialit, kter&Atilde;&copy; jsou v&Atilde;&iexcl;m nab&Atilde;&shy;zeny v ka&Aring;&frac34;d&Atilde;&copy; m&Atilde;&shy;stn&Atilde;&shy; restauraci. P&Aring;&#8482;i proch&Atilde;&iexcl;zce m&Auml;&#8250;stem si tedy tuto p&Aring;&#8482;&Atilde;&shy;le&Aring;&frac34;itost rozhodn&Auml;&#8250; nenechte uj&Atilde;&shy;t.  Nyn&Atilde;&shy; se ji&Aring;&frac34; tedy pod&Atilde;&shy;vejme na zaj&Atilde;&shy;mav&Atilde;&iexcl; m&Atilde;&shy;sta, kter&Atilde;&iexcl; Malaga turist&Aring;&macr;m nab&Atilde;&shy;z&Atilde;&shy;. Rozhodn&Auml;&#8250; si nem&Aring;&macr;&Aring;&frac34;ete nechat uj&Atilde;&shy;t n&Atilde;&iexcl;v&Aring;&iexcl;t&Auml;&#8250;vu Alcazaby, co&Aring;&frac34; je m&Atilde;&shy;stn&Atilde;&shy; pevnost, kter&Atilde;&iexcl; poch&Atilde;&iexcl;z&Atilde;&shy; ji&Aring;&frac34; z jeden&Atilde;&iexcl;ct&Atilde;&copy;ho stolet&Atilde;&shy;, Katedr&Atilde;&iexcl;lu de la Encarnacion poch&Atilde;&iexcl;zej&Atilde;&shy;c&Atilde;&shy; ze stolet&Atilde;&shy; osmn&Atilde;&iexcl;ct&Atilde;&copy;ho anebo t&Aring;&#8482;eba rodn&Atilde;&frac12; d&Aring;&macr;m sv&Auml;&#8250;tozn&Atilde;&iexcl;m&Atilde;&copy;ho mal&Atilde;&shy;&Aring;&#8482;e Pabla Picassa. Cestu po zaj&Atilde;&shy;mavostech kultury m&Aring;&macr;&Aring;&frac34;ete obohatit tak&Atilde;&copy; zav&Atilde;&shy;t&Atilde;&iexcl;n&Atilde;&shy;m do muzea Carmen Thyssen, kde naraz&Atilde;&shy;te na v&Auml;&#8250;t&Aring;&iexcl;inu &Aring;&iexcl;pan&Auml;&#8250;lsk&Atilde;&frac12;ch mistr&Aring;&macr;. Velk&Atilde;&iexcl; &Aring;&iexcl;koda by ale tak&Atilde;&copy; byla, kdybyste nezav&Atilde;&shy;tali ani na jedu z p&Aring;&#8482;ekr&Atilde;&iexcl;sn&Atilde;&frac12;ch m&Atilde;&shy;stn&Atilde;&shy;ch pl&Atilde;&iexcl;&Aring;&frac34;&Atilde;&shy;. Vyhra&Auml;te si tak alespo&Aring;&#710; jeden den sv&Atilde;&copy;ho v&Atilde;&frac12;letu na relax, nicned&Auml;&#8250;l&Atilde;&iexcl;n&Atilde;&shy;, povalov&Atilde;&iexcl;n&Atilde;&shy; se na slune&Auml;n&Atilde;&frac12;ch pl&Atilde;&iexcl;&Aring;&frac34;&Atilde;&shy;ch a &Auml;erp&Atilde;&iexcl;n&Atilde;&shy; vitam&Atilde;&shy;nu D. Z n&Atilde;&iexcl;v&Aring;&iexcl;t&Auml;&#8250;vy budou nad&Aring;&iexcl;eny jist&Auml;&#8250; i &Aring;&frac34;eny, je&Aring;&frac34; jist&Auml;&#8250; velice r&Atilde;&iexcl;dy zav&Atilde;&shy;taj&Atilde;&shy; po stop&Atilde;&iexcl;ch dal&Aring;&iexcl;&Atilde;&shy;ho slavn&Atilde;&copy;ho rod&Atilde;&iexcl;ka, kter&Atilde;&frac12; je sv&Auml;&#8250;tovou hereckou hv&Auml;&#8250;zdou. V&Atilde;&shy;te, kdo to je? Ano, samotn&Atilde;&frac12; Antonio Banderas. Na jeho po&Auml;est je v Malaze dokonce pojmenov&Atilde;&iexcl;na i promen&Atilde;&iexcl;da.                                                                                                                                                                                                                                                                                                                                                                                                 "},{"@context":"https:\/\/schema.org\/","@type":"BreadcrumbList","itemListElement":[{"@type":"ListItem","position":1,"name":"Nechte se okouzlit Malagou","item":"https:\/\/www.vigan.cz\/nechte-se-okouzlit-malagou\/#breadcrumbitem"}]}]