[{"@context":"https:\/\/schema.org\/","@type":"Article","@id":"https:\/\/www.vigan.cz\/kdyz-cela-rodina-propada-pokuseni\/#Article","mainEntityOfPage":"https:\/\/www.vigan.cz\/kdyz-cela-rodina-propada-pokuseni\/","headline":"Kdy\u017e cel\u00e1 rodina propad\u00e1 poku\u0161en\u00ed","name":"Kdy\u017e cel\u00e1 rodina propad\u00e1 poku\u0161en\u00ed","description":"Na\u0161e to\u010den\u00e9 zmrzliny jsou tak fantastick\u00e9, \u017ee se na n\u00ed n\u011bkte\u0159\u00ed na\u0161i z\u00e1kazn\u00edci stali p\u0159\u00edmo z\u00e1visl\u00ed! Zn\u00e1te i vy na\u0161i fantastickou drogu? Cel\u00e1 rodina m\u016f\u017ee propadnout na\u0161emu fenomen\u00e1ln\u00edmu poku\u0161en\u00ed. Ale<p><a href=\"https:\/\/www.vigan.cz\/kdyz-cela-rodina-propada-pokuseni\/\" class=\"more-link\">P\u0159e\u010d\u00edst \u010dl\u00e1nek<span class=\"screen-reader-text\">Kdy\u017e cel\u00e1 rodina propad\u00e1 poku\u0161en\u00ed<\/span><\/a><\/p>","datePublished":"2024-12-07","dateModified":"2024-12-07","author":{"@type":"Person","@id":"https:\/\/www.vigan.cz\/author\/#Person","name":"","url":"https:\/\/www.vigan.cz\/author\/","identifier":1,"image":{"@type":"ImageObject","@id":"https:\/\/secure.gravatar.com\/avatar\/093836c6bc976bea6a4c3cd39f9136c261430c33201aa865249fef2be34e3fdb?s=96&d=mm&r=g","url":"https:\/\/secure.gravatar.com\/avatar\/093836c6bc976bea6a4c3cd39f9136c261430c33201aa865249fef2be34e3fdb?s=96&d=mm&r=g","height":96,"width":96}},"publisher":{"@type":"Organization","name":"vigan.cz","logo":{"@type":"ImageObject","@id":"\/logo.png","url":"\/logo.png","width":600,"height":60}},"url":"https:\/\/www.vigan.cz\/kdyz-cela-rodina-propada-pokuseni\/","wordCount":172,"articleBody":"Na\u0161e to\u010den\u00e9 zmrzliny jsou tak fantastick\u00e9, \u017ee se na n\u00ed n\u011bkte\u0159\u00ed na\u0161i z\u00e1kazn\u00edci stali p\u0159\u00edmo z\u00e1visl\u00ed! Zn\u00e1te i vy na\u0161i fantastickou drogu? Cel\u00e1 rodina m\u016f\u017ee propadnout na\u0161emu fenomen\u00e1ln\u00edmu poku\u0161en\u00ed. Ale na druhou stranu, na tom nen\u00ed nic nenorm\u00e1ln\u00edho ani \u0161patn\u00e9ho. Nesty\u010fte se za to, \u017ee r\u00e1di mls\u00e1te, pokud to kompenzujete dostate\u010dn\u00fdm pohybem, tak si m\u016f\u017eete dovolit i dvojn\u00e1sobn\u00e9 porce! Na\u0161e pochoutky vynikaj\u00ed senza\u010dn\u00ed chut\u00ed a p\u0159edev\u0161\u00edm kvalitou. Do b\u0159\u00ed\u0161ka dost\u00e1v\u00e1te bezlepkov\u00e9 pochutiny, tak\u017ee va\u0161e st\u0159evn\u00ed soustava nebude ni\u010d\u00edm dr\u00e1\u017ed\u011bna! Ke k\u00e1vi\u010dce nebo jen tak do ruky? To\u010den\u00e1 zmrzlina v\u00edt\u011bz\u00ed u na\u0161ich klient\u016f n cel\u00e9 \u010d\u00e1\u0159e. \u0160irok\u00fd sortiment m\u016f\u017eete bl\u00ed\u017ee prostudovat na na\u0161em webov\u00e9m port\u00e1lu. Dejte si k ledov\u00e9mu osv\u011b\u017een\u00ed dobrou k\u00e1vi\u010dku a pak u\u017e nic nebude m\u00edt chybu!                                                                                                                                                                                                                                                                                                                                                                                                "},{"@context":"https:\/\/schema.org\/","@type":"BreadcrumbList","itemListElement":[{"@type":"ListItem","position":1,"name":"Kdy\u017e cel\u00e1 rodina propad\u00e1 poku\u0161en\u00ed","item":"https:\/\/www.vigan.cz\/kdyz-cela-rodina-propada-pokuseni\/#breadcrumbitem"}]}]