[{"@context":"https:\/\/schema.org\/","@type":"Article","@id":"https:\/\/www.vigan.cz\/bydlet-levne-nemusi-znamenat-spatne\/#Article","mainEntityOfPage":"https:\/\/www.vigan.cz\/bydlet-levne-nemusi-znamenat-spatne\/","headline":"Bydlet levn\u011b nemus\u00ed znamenat \u0161patn\u011b","name":"Bydlet levn\u011b nemus\u00ed znamenat \u0161patn\u011b","description":"Koupit si byt, to m\u00e1 v pl\u00e1nu v\u011bt\u0161ina mlad\u00fdch lid\u00ed. D\u0159\u00edve \u010di pozd\u011bji je mo\u017en\u00e9 tento pl\u00e1n zrealizovat, respektive mo\u017en\u00e9 to je\u0161t\u011b doned\u00e1vna bylo. Dne\u0161n\u00ed ceny byt\u016f jsou v\u0161ak skute\u010dn\u011b<p><a href=\"https:\/\/www.vigan.cz\/bydlet-levne-nemusi-znamenat-spatne\/\" class=\"more-link\">P\u0159e\u010d\u00edst \u010dl\u00e1nek<span class=\"screen-reader-text\">Bydlet levn\u011b nemus\u00ed znamenat \u0161patn\u011b<\/span><\/a><\/p>","datePublished":"2021-10-16","dateModified":"2021-10-16","author":{"@type":"Person","@id":"https:\/\/www.vigan.cz\/author\/#Person","name":"","url":"https:\/\/www.vigan.cz\/author\/","identifier":1,"image":{"@type":"ImageObject","@id":"https:\/\/secure.gravatar.com\/avatar\/093836c6bc976bea6a4c3cd39f9136c261430c33201aa865249fef2be34e3fdb?s=96&d=mm&r=g","url":"https:\/\/secure.gravatar.com\/avatar\/093836c6bc976bea6a4c3cd39f9136c261430c33201aa865249fef2be34e3fdb?s=96&d=mm&r=g","height":96,"width":96}},"publisher":{"@type":"Organization","name":"vigan.cz","logo":{"@type":"ImageObject","@id":"\/logo.png","url":"\/logo.png","width":600,"height":60}},"image":{"@type":"ImageObject","@id":"https:\/\/www.vigan.cz\/wp-content\/uploads\/Domek%20s%20architektem.jpg","url":"https:\/\/www.vigan.cz\/wp-content\/uploads\/Domek%20s%20architektem.jpg","height":0,"width":0},"url":"https:\/\/www.vigan.cz\/bydlet-levne-nemusi-znamenat-spatne\/","about":["Ekonomika"],"wordCount":424,"articleBody":"  Koupit si byt, to m\u00e1 v pl\u00e1nu v\u011bt\u0161ina mlad\u00fdch lid\u00ed. D\u0159\u00edve \u010di pozd\u011bji je mo\u017en\u00e9 tento pl\u00e1n zrealizovat, respektive mo\u017en\u00e9 to je\u0161t\u011b doned\u00e1vna bylo. Dne\u0161n\u00ed ceny byt\u016f jsou v\u0161ak skute\u010dn\u011b tak stra\u0161n\u011b p\u0159edimenzovan\u00e9, \u017ee je pro \u010dlov\u011bka s pr\u016fm\u011brn\u00fdm p\u0159\u00edjmem skute\u010dn\u011b n\u00e1ro\u010dn\u00e9 na n\u011bj na\u0161et\u0159it. A vz\u00edt si hypot\u00e9ku u\u017e nen\u00ed ani zdaleka tak v\u00fdhodn\u00e9, jak to b\u00fdvalo. Podm\u00ednky se neust\u00e1le zhor\u0161uj\u00ed, co\u017e bude i nad\u00e1le pokra\u010dovat. Chcete-li si koupit n\u011bco sv\u00e9ho v dohledn\u00e9 dob\u011b, ud\u011blejte to co nejd\u0159\u00edve. P\u0159\u00ed\u0161t\u00ed rok byste u\u017e mohli m\u00edt zhor\u0161enou \u00farokovou sazbu.  Na standardn\u00ed bydlen\u00ed v\u0161ak ka\u017ed\u00fd nedos\u00e1hne i z toho d\u016fvodu, \u017ee nez\u00edsk\u00e1 hypot\u00e9ku. Dnes je toti\u017e pot\u0159eba m\u00edt velkou \u010d\u00e1stku z ceny nemovitosti na \u00fa\u010dtu, co\u017e z logiky v\u011bci nem\u00e1 ani zdaleka ka\u017ed\u00fd. A komu nepom\u016f\u017ee rodina, ten m\u00e1 sm\u016flu. Na\u0161t\u011bst\u00ed to jde i jinak. T\u0159eba takov\u00fd mobilheim  nen\u00ed v\u016fbec \u0161patn\u00e9 \u0159e\u0161en\u00ed, i kdy\u017e se nejedn\u00e1 o adekv\u00e1tn\u00ed mo\u017enost pro v\u011bt\u0161\u00ed rodiny. Kvalitn\u011b za\u0159\u00edzen\u00ed interi\u00e9r  Mobiln\u00ed domy nejsou u n\u00e1s op\u0159edeny p\u0159\u00edli\u0161 dobrou pov\u011bst\u00ed. Nen\u00ed se ani \u010demu divit. Zat\u00edmco na z\u00e1pad\u011b od na\u0161ich hranic se vyr\u00e1b\u011bly skute\u010dn\u011b kvalitn\u00ed kousky, je\u017e se daly b\u011b\u017en\u011b pou\u017e\u00edvat k celoro\u010dn\u00edmu bydlen\u00ed, u n\u00e1s byly k dispozici pouze malinkat\u00e9 \u0161patn\u011b za\u0159\u00edzen\u00e9 maringotky. Ty samoz\u0159ejm\u011b s modern\u00edmi domky, snad jen mimo mo\u017enost se p\u0159esouvat po silnici, nemaj\u00ed nic spole\u010dn\u00e9ho. Modern\u00ed verze mobilheim\u016f jsou vhodn\u00e9 k celoro\u010dn\u00edmu bydlen\u00ed, jeliko\u017e maj\u00ed nejen skv\u011blou vnit\u0159n\u00ed v\u00fdbavu, ale rovn\u011b\u017e disponuj\u00ed i modern\u00edmi izola\u010dn\u00edmi materi\u00e1ly. A to jak tepeln\u00fdmi, tak i zvukov\u00fdmi.  Podstatnou v\u00fdhodou, i kdy\u017e pro v\u011bt\u0161inu z\u00e1jemc\u016f asi ne vylo\u017een\u011b z\u00e1sadn\u00ed, je fakt, \u017ee je mo\u017en\u00e9 tento druh obydl\u00ed p\u0159ihl\u00e1sit b\u011bhem jedin\u00e9 n\u00e1v\u0161t\u011bvy na stavebn\u00edm \u00fa\u0159ad\u011b. Na rozd\u00edl od jin\u00fdch druh\u016f bydlen\u00ed nen\u00ed toto br\u00e1no jako stavba, jeliko\u017e postr\u00e1d\u00e1 z\u00e1klady. Sta\u010d\u00ed jen p\u0159ij\u00edt, p\u0159ihl\u00e1sit a m\u00e1te to z krku. Jedn\u00e1 se svi\u017en\u00fd proces, kter\u00fd v\u00e1s nebude st\u00e1t mnoho \u010dasu.                                                                                                                                                                                                                                                                                                                                                                                                 "},{"@context":"https:\/\/schema.org\/","@type":"BreadcrumbList","itemListElement":[{"@type":"ListItem","position":1,"name":"Bydlet levn\u011b nemus\u00ed znamenat \u0161patn\u011b","item":"https:\/\/www.vigan.cz\/bydlet-levne-nemusi-znamenat-spatne\/#breadcrumbitem"}]}]